{"id":3015,"date":"2025-03-06T11:39:26","date_gmt":"2025-03-06T10:39:26","guid":{"rendered":"https:\/\/www.thermannpro.cz\/?p=3015"},"modified":"2025-03-07T10:53:15","modified_gmt":"2025-03-07T09:53:15","slug":"pozitivni-shrnuti-zmen-cen-elektriny-v-roce-2025-2","status":"publish","type":"post","link":"https:\/\/www.thermannpro.cz\/de\/blog\/pozitivni-shrnuti-zmen-cen-elektriny-v-roce-2025-2\/","title":{"rendered":"W\u00e4rmepumpen werden rentabler: Die Strompreise werden 2025 sinken."},"content":{"rendered":"<figure class=\"wp-block-gallery has-nested-images columns-default is-cropped wp-block-gallery-1 is-layout-flex wp-block-gallery-is-layout-flex\"><\/figure>\n\n\n\n<p style=\"font-size:22px\"><strong>Gute Nachrichten f\u00fcr Besitzer von W\u00e4rmepumpen!<\/strong><\/p>\n\n\n\n<p><strong>Die Strompreise sind seit Januar 2025 gesunken.<\/strong> \u2013 Die Geb\u00fchren f\u00fcr Verteilung und Systemdienstleistungen sind deutlich gesunken, insbesondere f\u00fcr W\u00e4rmepumpen, und gleichzeitig ist der Leistungsanteil des Stroms f\u00fcr alle Kunden gesunken. <strong>Das bedeutet niedrigere Betriebskosten und eine schnellere Amortisation der Investition.<\/strong><\/p>\n\n\n\n<p><strong>Tschechien<\/strong> geh\u00f6rt weiterhin zu den L\u00e4ndern mit <strong>die g\u00fcnstigsten Tarife f\u00fcr W\u00e4rmepumpenheizungen in Europa<\/strong>. Der Verband der W\u00e4rmepumpen begr\u00fc\u00dft diesen Schritt, der die Verf\u00fcgbarkeit moderner Heizsysteme verbessern und weiteres Marktwachstum unterst\u00fctzen wird.<\/p>\n\n\n\n<p><strong>Doch es ist bereits klar, dass 2025 f\u00fcr W\u00e4rmepumpen noch attraktiver sein wird!<\/strong><\/p>\n\n\n\n<figure class=\"wp-block-image size-large\"><img fetchpriority=\"high\" decoding=\"async\" width=\"1024\" height=\"745\" src=\"https:\/\/www.thermannpro.cz\/wp-content\/uploads\/2023\/10\/4_LQ-1024x745.jpg\" alt=\"\" class=\"wp-image-1897\" srcset=\"https:\/\/www.thermannpro.cz\/wp-content\/uploads\/2023\/10\/4_LQ-1024x745.jpg 1024w, https:\/\/www.thermannpro.cz\/wp-content\/uploads\/2023\/10\/4_LQ-300x218.jpg 300w, https:\/\/www.thermannpro.cz\/wp-content\/uploads\/2023\/10\/4_LQ-768x559.jpg 768w, https:\/\/www.thermannpro.cz\/wp-content\/uploads\/2023\/10\/4_LQ-1536x1117.jpg 1536w, https:\/\/www.thermannpro.cz\/wp-content\/uploads\/2023\/10\/4_LQ-137x100.jpg 137w, https:\/\/www.thermannpro.cz\/wp-content\/uploads\/2023\/10\/4_LQ-110x80.jpg 110w, https:\/\/www.thermannpro.cz\/wp-content\/uploads\/2023\/10\/4_LQ-394x287.jpg 394w, https:\/\/www.thermannpro.cz\/wp-content\/uploads\/2023\/10\/4_LQ-915x666.jpg 915w, https:\/\/www.thermannpro.cz\/wp-content\/uploads\/2023\/10\/4_LQ-1240x902.jpg 1240w, https:\/\/www.thermannpro.cz\/wp-content\/uploads\/2023\/10\/4_LQ-1485x1080.jpg 1485w, https:\/\/www.thermannpro.cz\/wp-content\/uploads\/2023\/10\/4_LQ.jpg 2000w\" sizes=\"(max-width: 1024px) 100vw, 1024px\" \/><\/figure>","protected":false},"excerpt":{"rendered":"<p>Gute Nachrichten f\u00fcr W\u00e4rmepumpenbesitzer! Die Strompreise sind seit Januar 2025 gesunken \u2013 die Geb\u00fchren f\u00fcr Netzbetreiber und Systemdienstleistungen sind deutlich zur\u00fcckgegangen, insbesondere f\u00fcr W\u00e4rmepumpen, und gleichzeitig wurde der Leistungsanteil des Stroms f\u00fcr alle Kunden reduziert. Das bedeutet niedrigere \u2026 <a href=\"https:\/\/www.thermannpro.cz\/de\/blog\/pozitivni-shrnuti-zmen-cen-elektriny-v-roce-2025-2\/\">Mehr lesen<\/a><\/p>","protected":false},"author":5,"featured_media":3018,"comment_status":"closed","ping_status":"closed","sticky":false,"template":"","format":"standard","meta":{"footnotes":""},"categories":[1],"tags":[],"class_list":["post-3015","post","type-post","status-publish","format-standard","has-post-thumbnail","hentry","category-uncategorized"],"_links":{"self":[{"href":"https:\/\/www.thermannpro.cz\/de\/wp-json\/wp\/v2\/posts\/3015","targetHints":{"allow":["GET"]}}],"collection":[{"href":"https:\/\/www.thermannpro.cz\/de\/wp-json\/wp\/v2\/posts"}],"about":[{"href":"https:\/\/www.thermannpro.cz\/de\/wp-json\/wp\/v2\/types\/post"}],"author":[{"embeddable":true,"href":"https:\/\/www.thermannpro.cz\/de\/wp-json\/wp\/v2\/users\/5"}],"replies":[{"embeddable":true,"href":"https:\/\/www.thermannpro.cz\/de\/wp-json\/wp\/v2\/comments?post=3015"}],"version-history":[{"count":5,"href":"https:\/\/www.thermannpro.cz\/de\/wp-json\/wp\/v2\/posts\/3015\/revisions"}],"predecessor-version":[{"id":3033,"href":"https:\/\/www.thermannpro.cz\/de\/wp-json\/wp\/v2\/posts\/3015\/revisions\/3033"}],"wp:featuredmedia":[{"embeddable":true,"href":"https:\/\/www.thermannpro.cz\/de\/wp-json\/wp\/v2\/media\/3018"}],"wp:attachment":[{"href":"https:\/\/www.thermannpro.cz\/de\/wp-json\/wp\/v2\/media?parent=3015"}],"wp:term":[{"taxonomy":"category","embeddable":true,"href":"https:\/\/www.thermannpro.cz\/de\/wp-json\/wp\/v2\/categories?post=3015"},{"taxonomy":"post_tag","embeddable":true,"href":"https:\/\/www.thermannpro.cz\/de\/wp-json\/wp\/v2\/tags?post=3015"}],"curies":[{"name":"wp","href":"https:\/\/api.w.org\/{rel}","templated":true}]}}