{"id":2926,"date":"2025-02-05T09:21:07","date_gmt":"2025-02-05T08:21:07","guid":{"rendered":"https:\/\/www.thermannpro.cz\/?p=2926"},"modified":"2025-02-05T09:22:50","modified_gmt":"2025-02-05T08:22:50","slug":"pozitivni-shrnuti-zmen-cen-elektriny-v-roce-2025","status":"publish","type":"post","link":"https:\/\/www.thermannpro.cz\/sk\/blog\/pozitivni-shrnuti-zmen-cen-elektriny-v-roce-2025\/","title":{"rendered":"Pozit\u00edvne zhrnutie zmien cien elektriny v roku 2025"},"content":{"rendered":"<ol start=\"1\" class=\"wp-block-list\">\n<li><strong>Rodiny s tepeln\u00fdmi \u010derpadlami u\u0161etria:<\/strong>\n<ul class=\"wp-block-list\">\n<li>Poplatky za distrib\u00faciu elektriny klesn\u00fa a\u017e o polovicu, \u010do znamen\u00e1 priebe\u017en\u00e9 zni\u017eovanie n\u00e1kladov za energiu.<\/li>\n<\/ul>\n<\/li>\n\n\n\n<li><strong>Oblasti s minim\u00e1lnym rastom cien:<\/strong>\n<ul class=\"wp-block-list\">\n<li>Dom\u00e1cnosti v distribu\u010dnej oblasti PRE zaplatia ro\u010dne za isti\u010d len o p\u00e1r desa\u0165kor\u00fan viac.<\/li>\n<\/ul>\n<\/li>\n\n\n\n<li><strong>Moderniz\u00e1cia prin\u00e1\u0161a dlhodob\u00e9 v\u00fdhody:<\/strong>\n<ul class=\"wp-block-list\">\n<li>Invest\u00edcia do distribu\u010dnej siete umo\u017en\u00ed prip\u00e1janie nov\u00fdch fotovoltaick\u00fdch syst\u00e9mov a zlep\u0161\u00ed spo\u013eahlivos\u0165 dod\u00e1vok elektriny.<\/li>\n<\/ul>\n<\/li>\n\n\n\n<li><strong>Stabiln\u00fd rast n\u00e1kladov pre be\u017en\u00e9 sadzby:<\/strong>\n<ul class=\"wp-block-list\">\n<li>Dom\u00e1cnosti s be\u017en\u00fdm tarifom (D02d) a nevyu\u017eit\u00edm tepeln\u00e9ho \u010derpadla zaplatia ro\u010dne len o 200\u2013300 Sk viac, \u010do zodpoved\u00e1 postupn\u00e9mu rastu prev\u00e1dzkov\u00fdch n\u00e1kladov.<\/li>\n<\/ul>\n<\/li>\n\n\n\n<li><strong>Podpora ekologick\u00fdch technol\u00f3gi\u00ed:<\/strong>\n<ul class=\"wp-block-list\">\n<li>Tepeln\u00e9 \u010derpadl\u00e1 zost\u00e1vaj\u00fa cenovo v\u00fdhodnou a ekologickou vo\u013ebou pre vykurovanie, \u010do je krok k udr\u017eate\u013enej bud\u00facnosti.<\/li>\n<\/ul>\n<\/li>\n<\/ol>\n\n\n\n<figure class=\"wp-block-image size-large\"><img fetchpriority=\"high\" decoding=\"async\" width=\"1024\" height=\"718\" src=\"https:\/\/www.thermannpro.cz\/wp-content\/uploads\/2024\/10\/IMG_6346-kopie-1024x718.jpg\" alt=\"\" class=\"wp-image-2707\" srcset=\"https:\/\/www.thermannpro.cz\/wp-content\/uploads\/2024\/10\/IMG_6346-kopie-1024x718.jpg 1024w, https:\/\/www.thermannpro.cz\/wp-content\/uploads\/2024\/10\/IMG_6346-kopie-300x210.jpg 300w, https:\/\/www.thermannpro.cz\/wp-content\/uploads\/2024\/10\/IMG_6346-kopie-768x539.jpg 768w, https:\/\/www.thermannpro.cz\/wp-content\/uploads\/2024\/10\/IMG_6346-kopie-1536x1077.jpg 1536w, https:\/\/www.thermannpro.cz\/wp-content\/uploads\/2024\/10\/IMG_6346-kopie-2048x1436.jpg 2048w, https:\/\/www.thermannpro.cz\/wp-content\/uploads\/2024\/10\/IMG_6346-kopie-143x100.jpg 143w, https:\/\/www.thermannpro.cz\/wp-content\/uploads\/2024\/10\/IMG_6346-kopie-114x80.jpg 114w, https:\/\/www.thermannpro.cz\/wp-content\/uploads\/2024\/10\/IMG_6346-kopie-394x276.jpg 394w, https:\/\/www.thermannpro.cz\/wp-content\/uploads\/2024\/10\/IMG_6346-kopie-915x642.jpg 915w, https:\/\/www.thermannpro.cz\/wp-content\/uploads\/2024\/10\/IMG_6346-kopie-1240x869.jpg 1240w, https:\/\/www.thermannpro.cz\/wp-content\/uploads\/2024\/10\/IMG_6346-kopie-1540x1080.jpg 1540w, https:\/\/www.thermannpro.cz\/wp-content\/uploads\/2024\/10\/IMG_6346-kopie-scaled.jpg 2000w\" sizes=\"(max-width: 1024px) 100vw, 1024px\" \/><\/figure>\n\n\n\n<p>Celkovo zost\u00e1va elektrina v \u010ceskej republike dostupn\u00e1 a v\u010faka moderniz\u00e1cii siete z\u00edskavaj\u00fa v\u0161etci pou\u017e\u00edvatelia lep\u0161\u00ed pr\u00edstup k obnovite\u013en\u00fdm zdrojom a stabiln\u00fdm dod\u00e1vkam.<\/p>","protected":false},"excerpt":{"rendered":"<p>Celkovo zost\u00e1va elektrina v \u010ceskej republike dostupn\u00e1 a v\u010faka moderniz\u00e1cii siete z\u00edskavaj\u00fa v\u0161etci pou\u017e\u00edvatelia lep\u0161\u00ed pr\u00edstup k obnovite\u013en\u00fdm zdrojom a stabiln\u00fdm dod\u00e1vkam.<\/p>","protected":false},"author":5,"featured_media":2928,"comment_status":"closed","ping_status":"closed","sticky":false,"template":"","format":"standard","meta":{"footnotes":""},"categories":[1],"tags":[],"class_list":["post-2926","post","type-post","status-publish","format-standard","has-post-thumbnail","hentry","category-uncategorized"],"_links":{"self":[{"href":"https:\/\/www.thermannpro.cz\/sk\/wp-json\/wp\/v2\/posts\/2926","targetHints":{"allow":["GET"]}}],"collection":[{"href":"https:\/\/www.thermannpro.cz\/sk\/wp-json\/wp\/v2\/posts"}],"about":[{"href":"https:\/\/www.thermannpro.cz\/sk\/wp-json\/wp\/v2\/types\/post"}],"author":[{"embeddable":true,"href":"https:\/\/www.thermannpro.cz\/sk\/wp-json\/wp\/v2\/users\/5"}],"replies":[{"embeddable":true,"href":"https:\/\/www.thermannpro.cz\/sk\/wp-json\/wp\/v2\/comments?post=2926"}],"version-history":[{"count":2,"href":"https:\/\/www.thermannpro.cz\/sk\/wp-json\/wp\/v2\/posts\/2926\/revisions"}],"predecessor-version":[{"id":2930,"href":"https:\/\/www.thermannpro.cz\/sk\/wp-json\/wp\/v2\/posts\/2926\/revisions\/2930"}],"wp:featuredmedia":[{"embeddable":true,"href":"https:\/\/www.thermannpro.cz\/sk\/wp-json\/wp\/v2\/media\/2928"}],"wp:attachment":[{"href":"https:\/\/www.thermannpro.cz\/sk\/wp-json\/wp\/v2\/media?parent=2926"}],"wp:term":[{"taxonomy":"category","embeddable":true,"href":"https:\/\/www.thermannpro.cz\/sk\/wp-json\/wp\/v2\/categories?post=2926"},{"taxonomy":"post_tag","embeddable":true,"href":"https:\/\/www.thermannpro.cz\/sk\/wp-json\/wp\/v2\/tags?post=2926"}],"curies":[{"name":"wp","href":"https:\/\/api.w.org\/{rel}","templated":true}]}}