{"id":3396,"date":"2025-06-20T11:28:21","date_gmt":"2025-06-20T09:28:21","guid":{"rendered":"https:\/\/www.thermannpro.cz\/?p=3396"},"modified":"2025-06-20T11:28:22","modified_gmt":"2025-06-20T09:28:22","slug":"tepelne-cerpadlo-s-ohrevem-tuv-teple-uzitkove-vody-dve-funkce-jeden-pristroj","status":"publish","type":"post","link":"https:\/\/www.thermannpro.cz\/sk\/blog\/tepelne-cerpadlo-s-ohrevem-tuv-teple-uzitkove-vody-dve-funkce-jeden-pristroj\/","title":{"rendered":"Tepeln\u00e9 \u010derpadlo s ohrevom T\u00daV (teplej \u00fa\u017eitkovej vody): Dve funkcie, jeden pr\u00edstroj"},"content":{"rendered":"<p>H\u013ead\u00e1te \u00fasporn\u00e9 a m\u00fadre rie\u0161enie pre vykurovanie a ohrev vody? Tepeln\u00e9 \u010derpadlo s hydrove\u017eou, ktor\u00e1 m\u00e1 integrovan\u00fd ohrev teplej \u00fa\u017eitkovej vody (T\u00daV) a akumula\u010dn\u00e9 n\u00e1doby na vykurovac\u00ed syst\u00e9m, sp\u00e1ja <strong>dve zariadenia v jednom<\/strong> \u2013 k\u00fari a z\u00e1rove\u0148 ohrieva vodu pre ka\u017edodenn\u00fa potrebu dom\u00e1cnosti.<\/p>\n\n\n\n<p><strong>Ako to funguje?<\/strong><\/p>\n\n\n\n<p>Tepeln\u00e9 \u010derpadlo z\u00edskava energiu z okolit\u00e9ho prostredia (vzduch, zem alebo voda) a vyu\u017e\u00edva ju na vykurovanie domu. Pokia\u013e m\u00e1 zabudovan\u00fd z\u00e1sobn\u00edk alebo v\u00fdmenn\u00edk pre ohrev T\u00daV, zvl\u00e1dne aj ohrieva\u0165 vodu pre sprchu, kuchy\u0148u alebo um\u00fdvanie.<\/p>\n\n\n\n<p><strong>Pre\u010do zvoli\u0165 kombinovan\u00e9 rie\u0161enie?<\/strong><\/p>\n\n\n\n<ul class=\"wp-block-list\">\n<li><strong>\u00daspora miesta<\/strong> \u2013 nie je potrebn\u00fd samostatn\u00fd bojler.<\/li>\n\n\n\n<li><strong>Jednoduch\u0161ia in\u0161tal\u00e1cia a servis<\/strong> \u2013 jeden syst\u00e9m, jeden dod\u00e1vate\u013e.<\/li>\n\n\n\n<li><strong>Ni\u017e\u0161ie n\u00e1klady na prev\u00e1dzku<\/strong> \u2013 efekt\u00edvnej\u0161ie ako klasick\u00fd ohrieva\u010d.<\/li>\n\n\n\n<li><strong>Vhodn\u00e9 pre dot\u00e1cie<\/strong> \u2013 zariadenia m\u00e1vaj\u00fa SVT k\u00f3d pre <strong>Nov\u00fa zelen\u00fa \u00faspor\u00e1m<\/strong>.<\/li>\n<\/ul>\n\n\n\n<p><strong>Pre koho to je?<\/strong><\/p>\n\n\n\n<p>Ide\u00e1lne pre novostavby, ale aj pre domy pred rekon\u0161trukciou. Ak h\u013ead\u00e1te ekologick\u00e9, \u00fasporn\u00e9 a kompaktn\u00e9 rie\u0161enie, tepeln\u00e9 \u010derpadlo s ohrevom T\u00daV je z\u00e1sah do \u010dierneho.<\/p>\n\n\n\n<hr class=\"wp-block-separator has-alpha-channel-opacity\" \/>\n\n\n\n<p>Chcete poradi\u0165 s v\u00fdberom vhodn\u00e9ho typu? Ozvite sa n\u00e1m \u2013 radi v\u00e1m pom\u00f4\u017eeme n\u00e1js\u0165 najlep\u0161ie rie\u0161enie pre v\u00e1\u0161 dom.<\/p>","protected":false},"excerpt":{"rendered":"<p>H\u013ead\u00e1te \u00fasporn\u00e9 a m\u00fadre rie\u0161enie pre vykurovanie a ohrev vody? Tepeln\u00e9 \u010derpadlo s hydrove\u017eou, ktor\u00e1 m\u00e1 integrovan\u00fd ohrev teplej \u00fa\u017eitkovej vody (T\u00daV) a akumula\u010dnej n\u00e1doby na vykurovac\u00ed syst\u00e9m, sp\u00e1ja dve zariadenia v jednom \u2013 k\u00fari a z\u00e1rove\u0148 ohrieva vodu pre ka\u017edodenn\u00e9 \u2026 <a href=\"https:\/\/www.thermannpro.cz\/sk\/blog\/tepelne-cerpadlo-s-ohrevem-tuv-teple-uzitkove-vody-dve-funkce-jeden-pristroj\/\">Read More<\/a><\/p>","protected":false},"author":5,"featured_media":3397,"comment_status":"closed","ping_status":"closed","sticky":false,"template":"","format":"standard","meta":{"footnotes":""},"categories":[1],"tags":[],"class_list":["post-3396","post","type-post","status-publish","format-standard","has-post-thumbnail","hentry","category-uncategorized"],"_links":{"self":[{"href":"https:\/\/www.thermannpro.cz\/sk\/wp-json\/wp\/v2\/posts\/3396","targetHints":{"allow":["GET"]}}],"collection":[{"href":"https:\/\/www.thermannpro.cz\/sk\/wp-json\/wp\/v2\/posts"}],"about":[{"href":"https:\/\/www.thermannpro.cz\/sk\/wp-json\/wp\/v2\/types\/post"}],"author":[{"embeddable":true,"href":"https:\/\/www.thermannpro.cz\/sk\/wp-json\/wp\/v2\/users\/5"}],"replies":[{"embeddable":true,"href":"https:\/\/www.thermannpro.cz\/sk\/wp-json\/wp\/v2\/comments?post=3396"}],"version-history":[{"count":1,"href":"https:\/\/www.thermannpro.cz\/sk\/wp-json\/wp\/v2\/posts\/3396\/revisions"}],"predecessor-version":[{"id":3398,"href":"https:\/\/www.thermannpro.cz\/sk\/wp-json\/wp\/v2\/posts\/3396\/revisions\/3398"}],"wp:featuredmedia":[{"embeddable":true,"href":"https:\/\/www.thermannpro.cz\/sk\/wp-json\/wp\/v2\/media\/3397"}],"wp:attachment":[{"href":"https:\/\/www.thermannpro.cz\/sk\/wp-json\/wp\/v2\/media?parent=3396"}],"wp:term":[{"taxonomy":"category","embeddable":true,"href":"https:\/\/www.thermannpro.cz\/sk\/wp-json\/wp\/v2\/categories?post=3396"},{"taxonomy":"post_tag","embeddable":true,"href":"https:\/\/www.thermannpro.cz\/sk\/wp-json\/wp\/v2\/tags?post=3396"}],"curies":[{"name":"wp","href":"https:\/\/api.w.org\/{rel}","templated":true}]}}