{"id":3417,"date":"2025-08-01T12:13:00","date_gmt":"2025-08-01T10:13:00","guid":{"rendered":"https:\/\/www.thermannpro.cz\/?p=3417"},"modified":"2025-08-01T12:13:03","modified_gmt":"2025-08-01T10:13:03","slug":"ets-2-co-prinese-novy-system-emisnich-povolenek-domacnostem","status":"publish","type":"post","link":"https:\/\/www.thermannpro.cz\/sk\/blog\/ets-2-co-prinese-novy-system-emisnich-povolenek-domacnostem\/","title":{"rendered":"ETS 2: \u010co prinesie nov\u00fd syst\u00e9m emisn\u00fdch kv\u00f3t dom\u00e1cnostiam?"},"content":{"rendered":"<p>Od roku 2027 zav\u00e1dza E\u00da nov\u00fd syst\u00e9m emisn\u00fdch kv\u00f3t ETS 2, ktor\u00fd novo zasiahne aj dom\u00e1cnosti a dopravu. Dod\u00e1vatelia plynu, uhlia, benz\u00ednu a nafty bud\u00fa musie\u0165 nakupova\u0165 kv\u00f3ty, \u010do sa premietne do vy\u0161\u0161\u00edch cien pre koncov\u00fdch z\u00e1kazn\u00edkov.<\/p>\n\n\n\n<p><strong>O\u010dak\u00e1van\u00e9 zdra\u017eenie:<\/strong><\/p>\n\n\n\n<ul class=\"wp-block-list\">\n<li><strong>Plyn:<\/strong> +250 K\u010d\/MWh<\/li>\n\n\n\n<li><strong>Uhlie:<\/strong> +300 Sk\/MWh<\/li>\n\n\n\n<li><strong>Benz\u00edn\/nafta:<\/strong> +2 a\u017e 2,30 Sk\/liter<\/li>\n<\/ul>\n\n\n\n<p>Cie\u013eom E\u00da je zni\u017eovanie emisi\u00ed CO\u2082 a v\u00e4\u010d\u0161\u00ed tlak na prechod k \u010dist\u00fdm technol\u00f3gi\u00e1m. Pre dom\u00e1cnosti to znamen\u00e1 motiv\u00e1ciu investova\u0165 do \u00faspornej\u0161ieho a ekologick\u00e9ho vykurovania.<\/p>\n\n\n\n<p><strong>Rie\u0161enie: Tepeln\u00e9 \u010derpadl\u00e1 Thermannpro<\/strong><\/p>\n\n\n\n<p>Tepeln\u00e9 \u010derpadl\u00e1 <strong>Thermannpro<\/strong> pom\u00e1haj\u00fa v\u00fdrazne zn\u00ed\u017ei\u0165 spotrebu fos\u00edlnych pal\u00edv a pripravi\u0165 dom\u00e1cnosti na bud\u00face energetick\u00e9 v\u00fdzvy. V\u010faka vysokej \u00fa\u010dinnosti a podpore z dota\u010dn\u00fdch programov predstavuj\u00fa m\u00fadru invest\u00edciu s kr\u00e1tkou n\u00e1vratnos\u0165ou.<\/p>\n\n\n\n<p>S tepeln\u00fdmi \u010derpadlami <strong>Thermannpro<\/strong> nielen k\u00farite, ohrievate vodu, ale aj chlad\u00edte \u2744\ufe0f<\/p>\n\n\n\n<p><strong>Na \u010do sa zamera\u0165:<\/strong><\/p>\n\n\n\n<ul class=\"wp-block-list\">\n<li>Sledujte <strong>dota\u010dn\u00e9 v\u00fdzvy<\/strong> - napr. z pripravovan\u00e9ho Soci\u00e1lneho klimatick\u00e9ho fondu (pre SR a\u017e 50 mld Sk).<\/li>\n\n\n\n<li>Zv\u00e1\u017ete <strong>v\u00fdmenu kotla<\/strong> za tepeln\u00e9 \u010derpadlo najlep\u0161ie s kombin\u00e1ciou s fotovoltaikou.<\/li>\n\n\n\n<li>Po\u010d\u00edtajte s <strong>dlhodob\u00fdm rastom cien energi\u00ed<\/strong> \u2013 v\u010dasn\u00e9 rie\u0161enie sa oplat\u00ed.<\/li>\n<\/ul>","protected":false},"excerpt":{"rendered":"<p>Od roku 2027 zav\u00e1dza E\u00da nov\u00fd syst\u00e9m emisn\u00fdch kv\u00f3t ETS 2, ktor\u00fd novo zasiahne aj dom\u00e1cnosti a dopravu. Dod\u00e1vatelia plynu, uhlia, benz\u00ednu a nafty bud\u00fa musie\u0165 nakupova\u0165 kv\u00f3ty, \u010do sa premietne do vy\u0161\u0161\u00edch cien pre koncov\u00fdch z\u00e1kazn\u00edkov. O\u010dak\u00e1van\u00e9 zdra\u017eenie: Cie\u013eom \u2026 <a href=\"https:\/\/www.thermannpro.cz\/sk\/blog\/ets-2-co-prinese-novy-system-emisnich-povolenek-domacnostem\/\">Read More<\/a><\/p>","protected":false},"author":5,"featured_media":3418,"comment_status":"closed","ping_status":"closed","sticky":false,"template":"","format":"standard","meta":{"footnotes":""},"categories":[1],"tags":[],"class_list":["post-3417","post","type-post","status-publish","format-standard","has-post-thumbnail","hentry","category-uncategorized"],"_links":{"self":[{"href":"https:\/\/www.thermannpro.cz\/sk\/wp-json\/wp\/v2\/posts\/3417","targetHints":{"allow":["GET"]}}],"collection":[{"href":"https:\/\/www.thermannpro.cz\/sk\/wp-json\/wp\/v2\/posts"}],"about":[{"href":"https:\/\/www.thermannpro.cz\/sk\/wp-json\/wp\/v2\/types\/post"}],"author":[{"embeddable":true,"href":"https:\/\/www.thermannpro.cz\/sk\/wp-json\/wp\/v2\/users\/5"}],"replies":[{"embeddable":true,"href":"https:\/\/www.thermannpro.cz\/sk\/wp-json\/wp\/v2\/comments?post=3417"}],"version-history":[{"count":1,"href":"https:\/\/www.thermannpro.cz\/sk\/wp-json\/wp\/v2\/posts\/3417\/revisions"}],"predecessor-version":[{"id":3420,"href":"https:\/\/www.thermannpro.cz\/sk\/wp-json\/wp\/v2\/posts\/3417\/revisions\/3420"}],"wp:featuredmedia":[{"embeddable":true,"href":"https:\/\/www.thermannpro.cz\/sk\/wp-json\/wp\/v2\/media\/3418"}],"wp:attachment":[{"href":"https:\/\/www.thermannpro.cz\/sk\/wp-json\/wp\/v2\/media?parent=3417"}],"wp:term":[{"taxonomy":"category","embeddable":true,"href":"https:\/\/www.thermannpro.cz\/sk\/wp-json\/wp\/v2\/categories?post=3417"},{"taxonomy":"post_tag","embeddable":true,"href":"https:\/\/www.thermannpro.cz\/sk\/wp-json\/wp\/v2\/tags?post=3417"}],"curies":[{"name":"wp","href":"https:\/\/api.w.org\/{rel}","templated":true}]}}